{"id":17847,"date":"2025-10-09T19:37:58","date_gmt":"2025-10-09T17:37:58","guid":{"rendered":"https:\/\/slawatrans.pl\/?p=17847"},"modified":"2025-10-09T19:38:01","modified_gmt":"2025-10-09T17:38:01","slug":"transport-mebli-polska-profesjonalne-przeprowadzki","status":"publish","type":"post","link":"https:\/\/slawatrans.pl\/nb\/transport-av-mobler\/transport-mebli-polska-profesjonalne-przeprowadzki\/","title":{"rendered":"Transport av m\u00f8bler Polen - Profesjonell flytting med Slawa Trans"},"content":{"rendered":"<h2 class=\"wp-block-heading\" id=\"h-twoje-meble-w-bezpiecznych-rekach\">Twoje Meble w Bezpiecznych R\u0119kach<\/h2>\n\n\n\n<p>Transport mebli to us\u0142uga wymagaj\u0105ca nie tylko odpowiedniego sprz\u0119tu, ale przede wszystkim do\u015bwiadczenia i precyzji.&nbsp;<strong>Slawa Trans<\/strong>, firma z 15-letnim sta\u017cem w bran\u017cy transportowej, oferuje profesjonalne przeprowadzki i transport mebli na terenie ca\u0142ej Polski. Nasze wieloletnie do\u015bwiadczenie w transporcie specjalistycznym przek\u0142ada si\u0119 na najwy\u017cszy standard obs\u0142ugi r\u00f3wnie\u017c w zakresie przewozu mebli.<\/p>\n\n\n\n<h2 class=\"wp-block-heading\" id=\"h-dlaczego-slawa-trans\">Hvorfor Slawa Trans?<\/h2>\n\n\n\n<h3 class=\"wp-block-heading\" id=\"h-bezpieczenstwo-przede-wszystkim\">Bezpiecze\u0144stwo Przede Wszystkim<\/h3>\n\n\n\n<p>Tak jak w transporcie farmaceutycznym dbamy o precyzj\u0119 i bezpiecze\u0144stwo, tak samo traktujemy Twoje meble. Ka\u017cdy element wyposa\u017cenia jest:<\/p>\n\n\n\n<ul class=\"wp-block-list\">\n<li><strong>Profesjonalnie pakowany<\/strong>\u00a0\u2013 u\u017cywamy specjalistycznych materia\u0142\u00f3w ochronnych<\/li>\n\n\n\n<li><strong>Ubezpieczony do 1 000 000 EUR<\/strong>\u00a0\u2013 Tw\u00f3j spok\u00f3j to nasza gwarancja<\/li>\n\n\n\n<li><strong>Monitorowany 24\/7<\/strong>\u00a0\u2013 system GPS pozwala \u015bledzi\u0107 transport w czasie rzeczywistym<\/li>\n\n\n\n<li><strong>Obs\u0142ugiwany przez ekspert\u00f3w<\/strong>\u00a0\u2013 nasz zesp\u00f3\u0142 to wykwalifikowani specjali\u015bci z wieloletnim do\u015bwiadczeniem<\/li>\n<\/ul>\n\n\n\n<h3 class=\"wp-block-heading\" id=\"h-zasieg-w-calej-polsce\">Zasi\u0119g w Ca\u0142ej Polsce<\/h3>\n\n\n\n<figure class=\"wp-block-image size-full\"><img loading=\"lazy\" decoding=\"async\" width=\"1024\" height=\"1024\" src=\"https:\/\/slawatrans.pl\/wp-content\/uploads\/Gemini_Generated_Image_1bds661bds661bds.png\" alt=\"\" class=\"wp-image-17849\" srcset=\"https:\/\/slawatrans.pl\/wp-content\/uploads\/Gemini_Generated_Image_1bds661bds661bds.png 1024w, https:\/\/slawatrans.pl\/wp-content\/uploads\/Gemini_Generated_Image_1bds661bds661bds-300x300.png 300w, https:\/\/slawatrans.pl\/wp-content\/uploads\/Gemini_Generated_Image_1bds661bds661bds-150x150.png 150w, https:\/\/slawatrans.pl\/wp-content\/uploads\/Gemini_Generated_Image_1bds661bds661bds-768x768.png 768w, https:\/\/slawatrans.pl\/wp-content\/uploads\/Gemini_Generated_Image_1bds661bds661bds-12x12.png 12w\" sizes=\"auto, (max-width: 1024px) 100vw, 1024px\" \/><\/figure>\n\n\n\n<p>Oferujemy transport mebli na terenie ca\u0142ej Polski:<\/p>\n\n\n\n<ul class=\"wp-block-list\">\n<li><strong>Warszawa<\/strong>\u00a0\u2013 ekspresowe dostawy w stolicy<\/li>\n\n\n\n<li><strong>Krak\u00f3w<\/strong>\u00a0\u2013 przew\u00f3z mebli do miasta kultury<\/li>\n\n\n\n<li><strong>Wroc\u0142aw<\/strong>\u00a0\u2013 niezawodne przeprowadzki na Dolnym \u015al\u0105sku<\/li>\n\n\n\n<li><strong>Gda\u0144sk, Gdynia, Sopot<\/strong>\u00a0\u2013 transport nad morze<\/li>\n\n\n\n<li><strong>Pozna\u0144<\/strong>\u00a0\u2013 szybkie dostawy w Wielkopolsce<\/li>\n\n\n\n<li><strong>Katowice<\/strong>\u00a0\u2013 us\u0142ugi transportowe na \u015al\u0105sku<\/li>\n\n\n\n<li><strong>\u0141\u00f3d\u017a<\/strong>\u00a0\u2013 przeprowadzki w centrum Polski<\/li>\n\n\n\n<li><strong>Szczecin<\/strong>\u00a0\u2013 przew\u00f3z do miasta nad Odr\u0105<\/li>\n\n\n\n<li><strong>Lublin<\/strong>\u00a0\u2013 transport na wschodzie kraju<\/li>\n\n\n\n<li><strong>Bydgoszcz<\/strong>\u00a0\u2013 obs\u0142uga Kujaw i Pomorza<\/li>\n<\/ul>\n\n\n\n<h2 class=\"wp-block-heading\" id=\"h-zakres-naszych-uslug\">Zakres Naszych Us\u0142ug<\/h2>\n\n\n\n<h3 class=\"wp-block-heading\" id=\"h-transport-mebli-mieszkaniowych\">Transport Mebli Mieszkaniowych<\/h3>\n\n\n\n<figure class=\"wp-block-image size-full\"><img loading=\"lazy\" decoding=\"async\" width=\"1024\" height=\"1024\" src=\"https:\/\/slawatrans.pl\/wp-content\/uploads\/Gemini_Generated_Image_v75kp6v75kp6v75k.png\" alt=\"\" class=\"wp-image-17850\" srcset=\"https:\/\/slawatrans.pl\/wp-content\/uploads\/Gemini_Generated_Image_v75kp6v75kp6v75k.png 1024w, https:\/\/slawatrans.pl\/wp-content\/uploads\/Gemini_Generated_Image_v75kp6v75kp6v75k-300x300.png 300w, https:\/\/slawatrans.pl\/wp-content\/uploads\/Gemini_Generated_Image_v75kp6v75kp6v75k-150x150.png 150w, https:\/\/slawatrans.pl\/wp-content\/uploads\/Gemini_Generated_Image_v75kp6v75kp6v75k-768x768.png 768w, https:\/\/slawatrans.pl\/wp-content\/uploads\/Gemini_Generated_Image_v75kp6v75kp6v75k-12x12.png 12w\" sizes=\"auto, (max-width: 1024px) 100vw, 1024px\" \/><\/figure>\n\n\n\n<p>Przeprowadzamy kompleksowe przeprowadzki mieszka\u0144 i dom\u00f3w:<\/p>\n\n\n\n<ul class=\"wp-block-list\">\n<li>Meble wypoczynkowe (sofy, fotele, naro\u017cniki)<\/li>\n\n\n\n<li>Meble sypialniane (\u0142\u00f3\u017cka, szafy, komody)<\/li>\n\n\n\n<li>Meble kuchenne i AGD<\/li>\n\n\n\n<li>Sto\u0142y, krzes\u0142a i meble jadalniane<\/li>\n\n\n\n<li>Rega\u0142y, biblioteczki, witryny<\/li>\n\n\n\n<li>Delikatne elementy (lustra, szk\u0142o, porcelana)<\/li>\n<\/ul>\n\n\n\n<h3 class=\"wp-block-heading\" id=\"h-transport-mebli-biurowych\">Transport Mebli Biurowych<\/h3>\n\n\n\n<p>Specjalizujemy si\u0119 w przeprowadzkach firm:<\/p>\n\n\n\n<ul class=\"wp-block-list\">\n<li>Biurka i stanowiska pracy<\/li>\n\n\n\n<li>Krzes\u0142a biurowe i konferencyjne<\/li>\n\n\n\n<li>Szafy i rega\u0142y archiwizacyjne<\/li>\n\n\n\n<li>Meble recepcyjne<\/li>\n\n\n\n<li>Sale konferencyjne<\/li>\n\n\n\n<li>Sprz\u0119t IT i serwerownie<\/li>\n<\/ul>\n\n\n\n<h3 class=\"wp-block-heading\" id=\"h-transport-mebli-antycznych-i-designerskich\">Transport Mebli Antycznych i Designerskich<\/h3>\n\n\n\n<p>Twoje cenne meble zas\u0142uguj\u0105 na szczeg\u00f3ln\u0105 uwag\u0119:<\/p>\n\n\n\n<ul class=\"wp-block-list\">\n<li>Antyki i meble kolekcjonerskie<\/li>\n\n\n\n<li>Designerskie projekty<\/li>\n\n\n\n<li>Meble na zam\u00f3wienie<\/li>\n\n\n\n<li>Instrumenty muzyczne (fortepiany, pianina)<\/li>\n\n\n\n<li>Dzie\u0142a sztuki i rze\u017aby<\/li>\n<\/ul>\n\n\n\n<h2 class=\"wp-block-heading\" id=\"h-proces-transportu-krok-po-kroku\">Proces Transportu Krok Po Kroku<\/h2>\n\n\n\n<h3 class=\"wp-block-heading\" id=\"h-1-wycena-i-planowanie\">1. Wycena i Planowanie<\/h3>\n\n\n\n<p>Skontaktuj si\u0119 z nami pod numerem&nbsp;<strong>+48 570 436 117<\/strong>&nbsp;\u2013 dost\u0119pni jeste\u015bmy 24\/7. Nasz specjalista:<\/p>\n\n\n\n<ul class=\"wp-block-list\">\n<li>Dokona bezp\u0142atnej wyceny<\/li>\n\n\n\n<li>Ustali szczeg\u00f3\u0142y przeprowadzki<\/li>\n\n\n\n<li>Zaproponuje optymalny termin<\/li>\n\n\n\n<li>Przedstawi zakres ubezpieczenia<\/li>\n<\/ul>\n\n\n\n<h3 class=\"wp-block-heading\" id=\"h-2-przygotowanie-do-transportu\">2. Przygotowanie do Transportu<\/h3>\n\n\n\n<p>Nasz zesp\u00f3\u0142:<\/p>\n\n\n\n<ul class=\"wp-block-list\">\n<li>Demontuje meble wymagaj\u0105ce rozbi\u00f3rki<\/li>\n\n\n\n<li>Profesjonalnie pakuje ka\u017cdy element<\/li>\n\n\n\n<li>Oznacza i kataloguje wszystkie cz\u0119\u015bci<\/li>\n\n\n\n<li>Zabezpiecza delikatne powierzchnie<\/li>\n<\/ul>\n\n\n\n<h3 class=\"wp-block-heading\" id=\"h-3-zaladunek-i-transport\">3. Za\u0142adunek i Transport<\/h3>\n\n\n\n<ul class=\"wp-block-list\">\n<li>Bezpieczny za\u0142adunek z u\u017cyciem profesjonalnego sprz\u0119tu<\/li>\n\n\n\n<li>Transport w pojazdach z systemem monitoringu GPS<\/li>\n\n\n\n<li>Prowadzenie przez do\u015bwiadczonych kierowc\u00f3w<\/li>\n\n\n\n<li>Sta\u0142y kontakt z klientem podczas transportu<\/li>\n<\/ul>\n\n\n\n<h3 class=\"wp-block-heading\" id=\"h-4-rozladunek-i-montaz\">4. Roz\u0142adunek i Monta\u017c<\/h3>\n\n\n\n<ul class=\"wp-block-list\">\n<li>Precyzyjny roz\u0142adunek w miejscu docelowym<\/li>\n\n\n\n<li>Wniesienie mebli na wskazane miejsce<\/li>\n\n\n\n<li>Monta\u017c i ustawienie zgodnie z \u017cyczeniem<\/li>\n\n\n\n<li>Usuni\u0119cie materia\u0142\u00f3w pakowych<\/li>\n<\/ul>\n\n\n\n<h2 class=\"wp-block-heading\" id=\"h-technologia-w-sluzbie-bezpieczenstwa\">Technologia w S\u0142u\u017cbie Bezpiecze\u0144stwa<\/h2>\n\n\n\n<h3 class=\"wp-block-heading\" id=\"h-system-monitoringu-24-7\">System Monitoringu 24\/7<\/h3>\n\n\n\n<p>Podobnie jak w transporcie farmaceutycznym, gdzie monitorujemy temperatur\u0119 i lokalizacj\u0119, w transporcie mebli zapewniamy:<\/p>\n\n\n\n<ul class=\"wp-block-list\">\n<li>\u015aledzenie GPS w czasie rzeczywistym<\/li>\n\n\n\n<li>Monitoring warunk\u00f3w transportu<\/li>\n\n\n\n<li>Natychmiastowy kontakt z kierowc\u0105<\/li>\n\n\n\n<li>Powiadomienia o post\u0119pach transportu<\/li>\n<\/ul>\n\n\n\n<h3 class=\"wp-block-heading\" id=\"h-ubezpieczenie-premium\">Ubezpieczenie Premium<\/h3>\n\n\n\n<p>Ka\u017cdy transport mebli obj\u0119ty jest ubezpieczeniem do&nbsp;<strong>1 000 000 EUR<\/strong>, co oznacza:<\/p>\n\n\n\n<ul class=\"wp-block-list\">\n<li>Pe\u0142n\u0105 ochron\u0119 warto\u015bci Twoich mebli<\/li>\n\n\n\n<li>Szybk\u0105 likwidacj\u0119 szk\u00f3d (je\u015bli wyst\u0105pi\u0105)<\/li>\n\n\n\n<li>Spok\u00f3j ducha podczas ca\u0142ego procesu<\/li>\n\n\n\n<li>Certyfikat ubezpieczeniowy OCP<\/li>\n<\/ul>\n\n\n\n<h2 class=\"wp-block-heading\" id=\"h-cennik-transparentnosc-i-uczciwosc\">Cennik \u2013 Transparentno\u015b\u0107 i Uczciwo\u015b\u0107<\/h2>\n\n\n\n<h3 class=\"wp-block-heading\" id=\"h-czynniki-wplywajace-na-cene\">Czynniki Wp\u0142ywaj\u0105ce na Cen\u0119<\/h3>\n\n\n\n<ul class=\"wp-block-list\">\n<li><strong>Odleg\u0142o\u015b\u0107 transportu<\/strong>\u00a0\u2013 od 336 km wzwy\u017c<\/li>\n\n\n\n<li><strong>Obj\u0119to\u015b\u0107 mebli<\/strong>\u00a0\u2013 ilo\u015b\u0107 metr\u00f3w sze\u015bciennych<\/li>\n\n\n\n<li><strong>Stopie\u0144 skomplikowania<\/strong>\u00a0\u2013 liczba pi\u0119ter, dost\u0119pno\u015b\u0107 windy<\/li>\n\n\n\n<li><strong>Us\u0142ugi dodatkowe<\/strong>\u00a0\u2013 pakowanie, monta\u017c, demonta\u017c<\/li>\n\n\n\n<li><strong>Frist for implementering<\/strong>\u00a0\u2013 transport standardowy lub ekspresowy<\/li>\n<\/ul>\n\n\n\n<h3 class=\"wp-block-heading\" id=\"h-skorzystaj-z-kalkulatora\">Skorzystaj z Kalkulatora<\/h3>\n\n\n\n<p>Na naszej stronie znajdziesz kalkulator, kt\u00f3ry pomo\u017ce okre\u015bli\u0107 orientacyjn\u0105 cen\u0119 transportu. Pami\u0119taj, \u017ce ostateczna wycena uwzgl\u0119dnia wszystkie szczeg\u00f3\u0142y Twojej przeprowadzki.<\/p>\n\n\n\n<h2 class=\"wp-block-heading\" id=\"h-transport-ekspresowy\">Ekspresstransport<\/h2>\n\n\n\n<p>Potrzebujesz pilnej przeprowadzki? Oferujemy&nbsp;<strong>ekspresstransport<\/strong>:<\/p>\n\n\n\n<ul class=\"wp-block-list\">\n<li>Realizacja w ci\u0105gu 24-48 godzin<\/li>\n\n\n\n<li>Priorytetowe traktowanie zlecenia<\/li>\n\n\n\n<li>Dedykowany pojazd tylko dla Twojego transportu<\/li>\n\n\n\n<li>Elastyczne godziny za\u0142adunku i roz\u0142adunku<\/li>\n<\/ul>\n\n\n\n<h2 class=\"wp-block-heading\" id=\"h-dlaczego-klienci-wybieraja-slawa-trans\">Dlaczego Klienci Wybieraj\u0105 Slawa Trans?<\/h2>\n\n\n\n<h3 class=\"wp-block-heading\" id=\"h-15-lat-doswiadczenia\">15 Lat Do\u015bwiadczenia<\/h3>\n\n\n\n<p>Od 2008 roku nieustannie podnosimy standardy w bran\u017cy:<\/p>\n\n\n\n<ul class=\"wp-block-list\">\n<li><strong>Ponad 5000 transport\u00f3w specjalistycznych<\/strong>\u00a0wykonanych z sukcesem<\/li>\n\n\n\n<li><strong>Certyfikaty ISO 9001:2015<\/strong>\u00a0\u2013 gwarancja jako\u015bci us\u0142ug<\/li>\n\n\n\n<li><strong>BNP-sertifikat<\/strong>\u00a0\u2013 profesjonalizm potwierdzony przez GQ<\/li>\n\n\n\n<li><strong>Zero kompromis\u00f3w<\/strong>\u00a0w kwestii bezpiecze\u0144stwa<\/li>\n<\/ul>\n\n\n\n<h3 class=\"wp-block-heading\" id=\"h-kompleksowa-obsluga\">Kompleksowa Obs\u0142uga<\/h3>\n\n\n\n<p>Nie jeste\u015b sam na ka\u017cdym etapie:<\/p>\n\n\n\n<ul class=\"wp-block-list\">\n<li>Doradztwo przed transportem<\/li>\n\n\n\n<li>Pomoc w wyborze optymalnego rozwi\u0105zania<\/li>\n\n\n\n<li>Wsparcie techniczne podczas przeprowadzki<\/li>\n\n\n\n<li>Opieka posprzeda\u017cowa<\/li>\n<\/ul>\n\n\n\n<h3 class=\"wp-block-heading\" id=\"h-nowoczesna-flota\">Nowoczesna Flota<\/h3>\n\n\n\n<p>Nasze pojazdy to:<\/p>\n\n\n\n<ul class=\"wp-block-list\">\n<li>Nowoczesne samochody dostawcze i ci\u0119\u017carowe<\/li>\n\n\n\n<li>Pojazdy z wind\u0105 za\u0142adunkow\u0105<\/li>\n\n\n\n<li>Klimatyzowane przestrzenie \u0142adunkowe<\/li>\n\n\n\n<li>Regularnie serwisowane i sprawdzane<\/li>\n<\/ul>\n\n\n\n<h2 class=\"wp-block-heading\" id=\"h-uslugi-dodatkowe\">Us\u0142ugi Dodatkowe<\/h2>\n\n\n\n<h3 class=\"wp-block-heading\" id=\"h-pakowanie-profesjonalne\">Pakowanie Profesjonalne<\/h3>\n\n\n\n<ul class=\"wp-block-list\">\n<li>Kartony r\u00f3\u017cnych rozmiar\u00f3w<\/li>\n\n\n\n<li>Folie stretch i b\u0105belkowe<\/li>\n\n\n\n<li>Ko\u0142dry i pokrowce ochronne<\/li>\n\n\n\n<li>Naro\u017cniki i zabezpieczenia<\/li>\n<\/ul>\n\n\n\n<h3 class=\"wp-block-heading\" id=\"h-magazynowanie\">Lagring<\/h3>\n\n\n\n<p>Potrzebujesz przechowa\u0107 meble przed ostateczn\u0105 dostaw\u0105?<\/p>\n\n\n\n<ul class=\"wp-block-list\">\n<li>Bezpieczne magazyny<\/li>\n\n\n\n<li>Kontrola temperatury i wilgotno\u015bci<\/li>\n\n\n\n<li>Ochrona 24\/7<\/li>\n\n\n\n<li>Elastyczne okresy przechowania<\/li>\n<\/ul>\n\n\n\n<h3 class=\"wp-block-heading\" id=\"h-utylizacja-starych-mebli\">Utylizacja Starych Mebli<\/h3>\n\n\n\n<ul class=\"wp-block-list\">\n<li>Wyw\u00f3z niepotrzebnych mebli<\/li>\n\n\n\n<li>Ekologiczna utylizacja<\/li>\n\n\n\n<li>Przekazanie do organizacji charytatywnych<\/li>\n\n\n\n<li>Recyclingu materia\u0142\u00f3w<\/li>\n<\/ul>\n\n\n\n<h2 class=\"wp-block-heading\" id=\"h-transport-miedzynarodowy\">Transport Mi\u0119dzynarodowy<\/h2>\n\n\n\n<p>Cho\u0107 specjalizujemy si\u0119 w transporcie po Polsce, oferujemy r\u00f3wnie\u017c:<\/p>\n\n\n\n<ul class=\"wp-block-list\">\n<li>Przeprowadzki do kraj\u00f3w Unii Europejskiej<\/li>\n\n\n\n<li>Transport w ci\u0105gu 48 godzin do ka\u017cdego miejsca w Europie<\/li>\n\n\n\n<li>Obs\u0142uga celna i dokumentacja<\/li>\n\n\n\n<li>Do\u015bwiadczenie w transporcie mi\u0119dzynarodowym<\/li>\n<\/ul>\n\n\n\n<h2 class=\"wp-block-heading\" id=\"h-standardy-jakosci\">Standardy Jako\u015bci<\/h2>\n\n\n\n<h3 class=\"wp-block-heading\" id=\"h-certyfikaty-i-gwarancje\">Certyfikaty i Gwarancje<\/h3>\n\n\n\n<p>Nasze certyfikaty to gwarancja profesjonalizmu:<\/p>\n\n\n\n<ul class=\"wp-block-list\">\n<li><strong>ISO 9001:2015<\/strong>\u00a0\u2013 System Zarz\u0105dzania Jako\u015bci\u0105<\/li>\n\n\n\n<li><strong>OCP-sertifikat<\/strong>\u00a0\u2013 Ubezpieczenie do 1 mln EUR<\/li>\n\n\n\n<li><strong>BNP-sertifikat<\/strong>\u00a0\u2013 Dobra Praktyka Dystrybucyjna<\/li>\n<\/ul>\n\n\n\n<p>Te same standardy, kt\u00f3re stosujemy w transporcie farmaceutycznym, przek\u0142adamy na transport mebli.<\/p>\n\n\n\n<h2 class=\"wp-block-heading\" id=\"h-przygotowanie-do-przeprowadzki-praktyczne-wskazowki\">Przygotowanie do Przeprowadzki \u2013 Praktyczne Wskaz\u00f3wki<\/h2>\n\n\n\n<h3 class=\"wp-block-heading\" id=\"h-tydzien-przed\">Tydzie\u0144 Przed<\/h3>\n\n\n\n<ul class=\"wp-block-list\">\n<li>Uporz\u0105dkuj i posegreguj rzeczy<\/li>\n\n\n\n<li>Pozbyj si\u0119 niepotrzebnych przedmiot\u00f3w<\/li>\n\n\n\n<li>Przygotuj dokumenty i cenne przedmioty do osobnego transportu<\/li>\n\n\n\n<li>Poinformuj dostawc\u00f3w us\u0142ug o zmianie adresu<\/li>\n<\/ul>\n\n\n\n<h3 class=\"wp-block-heading\" id=\"h-dzien-przed\">Dzie\u0144 Przed<\/h3>\n\n\n\n<ul class=\"wp-block-list\">\n<li>Opr\u00f3\u017cnij lod\u00f3wk\u0119 i zamra\u017cark\u0119<\/li>\n\n\n\n<li>Od\u0142\u0105cz sprz\u0119t AGD<\/li>\n\n\n\n<li>Zabezpiecz przedmioty warto\u015bciowe<\/li>\n\n\n\n<li>Przygotuj miejsca parkingowe dla pojazdu<\/li>\n<\/ul>\n\n\n\n<h3 class=\"wp-block-heading\" id=\"h-w-dniu-przeprowadzki\">W Dniu Przeprowadzki<\/h3>\n\n\n\n<ul class=\"wp-block-list\">\n<li>B\u0105d\u017a dost\u0119pny dla ekipy transportowej<\/li>\n\n\n\n<li>Sprawd\u017a stan mebli przed za\u0142adunkiem<\/li>\n\n\n\n<li>Przeka\u017c specjalne instrukcje dotycz\u0105ce delikatnych przedmiot\u00f3w<\/li>\n\n\n\n<li>Zachowaj dokumenty transportowe<\/li>\n<\/ul>\n\n\n\n<h2 class=\"wp-block-heading\" id=\"h-regiony-obslugi-cala-polska\">Regiony Obs\u0142ugi \u2013 Ca\u0142a Polska<\/h2>\n\n\n\n<h3 class=\"wp-block-heading\" id=\"h-wojewodztwa\">Wojew\u00f3dztwa<\/h3>\n\n\n\n<figure class=\"wp-block-image size-full\"><img loading=\"lazy\" decoding=\"async\" width=\"1024\" height=\"1024\" src=\"https:\/\/slawatrans.pl\/wp-content\/uploads\/Gemini_Generated_Image_j2ot8rj2ot8rj2ot.png\" alt=\"\" class=\"wp-image-17851\" srcset=\"https:\/\/slawatrans.pl\/wp-content\/uploads\/Gemini_Generated_Image_j2ot8rj2ot8rj2ot.png 1024w, https:\/\/slawatrans.pl\/wp-content\/uploads\/Gemini_Generated_Image_j2ot8rj2ot8rj2ot-300x300.png 300w, https:\/\/slawatrans.pl\/wp-content\/uploads\/Gemini_Generated_Image_j2ot8rj2ot8rj2ot-150x150.png 150w, https:\/\/slawatrans.pl\/wp-content\/uploads\/Gemini_Generated_Image_j2ot8rj2ot8rj2ot-768x768.png 768w, https:\/\/slawatrans.pl\/wp-content\/uploads\/Gemini_Generated_Image_j2ot8rj2ot8rj2ot-12x12.png 12w\" sizes=\"auto, (max-width: 1024px) 100vw, 1024px\" \/><\/figure>\n\n\n\n<p>Oferujemy transport mebli we wszystkich wojew\u00f3dztwach:<\/p>\n\n\n\n<ul class=\"wp-block-list\">\n<li><strong>Mazowieckie<\/strong>\u00a0\u2013 Warszawa i okolice<\/li>\n\n\n\n<li><strong>Ma\u0142opolskie<\/strong>\u00a0\u2013 Krak\u00f3w, Tarn\u00f3w, Nowy S\u0105cz<\/li>\n\n\n\n<li><strong>Dolno\u015bl\u0105skie<\/strong>\u00a0\u2013 Wroc\u0142aw, Jelenia G\u00f3ra, Legnica<\/li>\n\n\n\n<li><strong>Pomorskie<\/strong>\u00a0\u2013 Tr\u00f3jmiasto, S\u0142upsk<\/li>\n\n\n\n<li><strong>Wielkopolskie<\/strong>\u00a0\u2013 Pozna\u0144, Kalisz, Konin<\/li>\n\n\n\n<li><strong>\u015al\u0105skie<\/strong>\u00a0\u2013 Katowice, Gliwice, Bielsko-Bia\u0142a<\/li>\n\n\n\n<li><strong>\u0141\u00f3dzkie<\/strong>\u00a0\u2013 \u0141\u00f3d\u017a, Piotrk\u00f3w Trybunalski<\/li>\n\n\n\n<li><strong>Zachodniopomorskie<\/strong>\u00a0\u2013 Szczecin, Koszalin<\/li>\n\n\n\n<li><strong>Lubelskie<\/strong>\u00a0\u2013 Lublin, Zamo\u015b\u0107, Bia\u0142a Podlaska<\/li>\n\n\n\n<li><strong>Podkarpackie<\/strong>\u00a0\u2013 Rzesz\u00f3w, Przemy\u015bl, Krosno<\/li>\n\n\n\n<li><strong>Warmi\u0144sko-Mazurskie<\/strong>\u00a0\u2013 Olsztyn, Elbl\u0105g<\/li>\n\n\n\n<li><strong>Kujawsko-Pomorskie<\/strong>\u00a0\u2013 Bydgoszcz, Toru\u0144<\/li>\n\n\n\n<li><strong>Podlaskie<\/strong>\u00a0\u2013 Bia\u0142ystok, Suwa\u0142ki<\/li>\n\n\n\n<li><strong>\u015awi\u0119tokrzyskie<\/strong>\u00a0\u2013 Kielce, Ostrowiec \u015awi\u0119tokrzyski<\/li>\n\n\n\n<li><strong>Lubuskie<\/strong>\u00a0\u2013 Zielona G\u00f3ra, Gorz\u00f3w Wielkopolski<\/li>\n\n\n\n<li><strong>Opolskie<\/strong>\u00a0\u2013 Opole, K\u0119dzierzyn-Ko\u017ale<\/li>\n<\/ul>\n\n\n\n<h2 class=\"wp-block-heading\" id=\"h-specjalne-przypadki-transportu\">Specjalne Przypadki Transportu<\/h2>\n\n\n\n<h3 class=\"wp-block-heading\" id=\"h-przeprowadzki-pianin-i-fortepianow\">Przeprowadzki Pianin i Fortepian\u00f3w<\/h3>\n\n\n\n<ul class=\"wp-block-list\">\n<li>Specjalistyczny sprz\u0119t do fortepian\u00f3w<\/li>\n\n\n\n<li>Do\u015bwiadczony zesp\u00f3\u0142<\/li>\n\n\n\n<li>Dodatkowe ubezpieczenie<\/li>\n\n\n\n<li>Profesjonalne pakowanie i transport<\/li>\n<\/ul>\n\n\n\n<h3 class=\"wp-block-heading\" id=\"h-transport-dziel-sztuki\">Transport Dzie\u0142 Sztuki<\/h3>\n\n\n\n<ul class=\"wp-block-list\">\n<li>Kontrola temperatury i wilgotno\u015bci<\/li>\n\n\n\n<li>Antywibr acyjne zawieszenie<\/li>\n\n\n\n<li>Dyskrecja i bezpiecze\u0144stwo<\/li>\n\n\n\n<li>Wsp\u00f3\u0142praca z galeriami i kolekcjonerami<\/li>\n<\/ul>\n\n\n\n<h3 class=\"wp-block-heading\" id=\"h-przeprowadzki-seniorow\">Przeprowadzki Senior\u00f3w<\/h3>\n\n\n\n<ul class=\"wp-block-list\">\n<li>Dodatkowa pomoc i wsparcie<\/li>\n\n\n\n<li>Elastyczne podej\u015bcie<\/li>\n\n\n\n<li>Pomoc w rozpakowaniu<\/li>\n\n\n\n<li>Ustawienie mebli zgodnie z \u017cyczeniem<\/li>\n<\/ul>\n\n\n\n<h2 class=\"wp-block-heading\" id=\"h-kontakt-i-rezerwacja\">Kontakt i Rezerwacja<\/h2>\n\n\n\n<h3 class=\"wp-block-heading\" id=\"h-zadzwon-teraz\">Zadzwo\u0144 Teraz<\/h3>\n\n\n\n<p><strong>Numer 24\/7: +48 570 436 117<\/strong><\/p>\n\n\n\n<p>Nasz zesp\u00f3\u0142 jest dost\u0119pny przez ca\u0142\u0105 dob\u0119, 7 dni w tygodniu. Bez wzgl\u0119du na to, czy potrzebujesz:<\/p>\n\n\n\n<ul class=\"wp-block-list\">\n<li>Pilnego transportu ekspresowego<\/li>\n\n\n\n<li>Standardowej przeprowadzki w planowanym terminie<\/li>\n\n\n\n<li>Porady dotycz\u0105cej najlepszego rozwi\u0105zania<\/li>\n\n\n\n<li>Wyceny transportu<\/li>\n<\/ul>\n\n\n\n<h3 class=\"wp-block-heading\" id=\"h-formularz-online\">Formularz Online<\/h3>\n\n\n\n<p>Wype\u0142nij formularz na naszej stronie, podaj\u0105c:<\/p>\n\n\n\n<ul class=\"wp-block-list\">\n<li>Dane osobowe i kontaktowe<\/li>\n\n\n\n<li>Szczeg\u00f3\u0142y dotycz\u0105ce mebli do transportu<\/li>\n\n\n\n<li>Adres pocz\u0105tkowy i docelowy<\/li>\n\n\n\n<li>Preferowany termin<\/li>\n<\/ul>\n\n\n\n<h3 class=\"wp-block-heading\" id=\"h-wizyta-wyceny\">Wizyta Wyceny<\/h3>\n\n\n\n<p>Dla wi\u0119kszych przeprowadzek oferujemy bezp\u0142atn\u0105 wizyt\u0119 wyceny:<\/p>\n\n\n\n<ul class=\"wp-block-list\">\n<li>Ocena obj\u0119to\u015bci mebli<\/li>\n\n\n\n<li>Sprawdzenie warunk\u00f3w za\u0142adunku\/roz\u0142adunku<\/li>\n\n\n\n<li>Dok\u0142adna wycena<\/li>\n\n\n\n<li>Ustalenie wszystkich szczeg\u00f3\u0142\u00f3w<\/li>\n<\/ul>\n\n\n\n<h2 class=\"wp-block-heading\">Sammendrag<\/h2>\n\n\n\n<p><strong>Slawa Trans<\/strong>&nbsp;to Tw\u00f3j partner w transporcie mebli na terenie ca\u0142ej Polski. \u0141\u0105czymy 15-letnie do\u015bwiadczenie w transporcie specjalistycznym z indywidualnym podej\u015bciem do ka\u017cdego klienta. Niezale\u017cnie od tego, czy przeprowadzasz si\u0119 do nowego mieszkania, przenosisz biuro, czy transportujesz cenne antyki \u2013 jeste\u015bmy tu, aby zapewni\u0107 Ci bezpiecze\u0144stwo, komfort i spok\u00f3j ducha.<\/p>\n\n\n\n<h3 class=\"wp-block-heading\">Stol p\u00e5 de profesjonelle<\/h3>\n\n\n\n<ul class=\"wp-block-list\">\n<li>\u2713 Ubezpieczenie do 1 000 000 EUR<\/li>\n\n\n\n<li>\u2713 Monitoring GPS 24\/7<\/li>\n\n\n\n<li>\u2713 15 lat do\u015bwiadczenia<\/li>\n\n\n\n<li>\u2713 Certyfikaty ISO i GDP<\/li>\n\n\n\n<li>\u2713 Transport w ca\u0142ej Polsce<\/li>\n\n\n\n<li>\u2713 Dost\u0119pno\u015b\u0107 24\/7<\/li>\n<\/ul>","protected":false},"excerpt":{"rendered":"<p>Twoje Meble w Bezpiecznych R\u0119kach (Dine m\u00f8bler i trygge hender) M\u00f8beltransport er en tjeneste som ikke bare krever riktig utstyr, men fremfor alt erfaring og presisjon. Slawa Trans, et selskap med 15 \u00e5rs erfaring i transportbransjen, tilbyr profesjonell flytting og m\u00f8beltransport i hele Polen. V\u00e5r mange\u00e5rige erfaring innen spesialtransport betyr at vi kan tilby tjenester av h\u00f8yeste standard ogs\u00e5 n\u00e5r det gjelder m\u00f8beltransport. [...]<\/p>","protected":false},"author":3,"featured_media":17848,"comment_status":"closed","ping_status":"closed","sticky":false,"template":"","format":"standard","meta":{"_acf_changed":false,"footnotes":""},"categories":[240],"tags":[],"class_list":["post-17847","post","type-post","status-publish","format-standard","has-post-thumbnail","hentry","category-transport-mebli"],"acf":[],"yoast_head":"<!-- This site is optimized with the Yoast SEO Premium plugin v22.9 (Yoast SEO v25.6) - https:\/\/yoast.com\/wordpress\/plugins\/seo\/ -->\n<title>Transport Mebli Polska \u2013 Profesjonalne Przeprowadzki z Slawa Trans - Slawa - Transport i spedycja zagraniczna<\/title>\n<meta name=\"robots\" content=\"index, follow, max-snippet:-1, max-image-preview:large, max-video-preview:-1\" \/>\n<link rel=\"canonical\" href=\"https:\/\/slawatrans.pl\/nb\/transport-av-mobler\/transport-mebli-polska-profesjonalne-przeprowadzki\/\" \/>\n<meta property=\"og:locale\" content=\"nb_NO\" \/>\n<meta property=\"og:type\" content=\"article\" \/>\n<meta property=\"og:title\" content=\"Transport Mebli Polska \u2013 Profesjonalne Przeprowadzki z Slawa Trans\" \/>\n<meta property=\"og:description\" content=\"Twoje Meble w Bezpiecznych R\u0119kach Transport mebli to us\u0142uga wymagaj\u0105ca nie tylko odpowiedniego sprz\u0119tu, ale przede wszystkim do\u015bwiadczenia i precyzji.&nbsp;Slawa Trans, firma z 15-letnim sta\u017cem w bran\u017cy transportowej, oferuje profesjonalne przeprowadzki i transport mebli na terenie ca\u0142ej Polski. Nasze wieloletnie do\u015bwiadczenie w transporcie specjalistycznym przek\u0142ada si\u0119 na najwy\u017cszy standard obs\u0142ugi r\u00f3wnie\u017c w zakresie przewozu mebli. [&hellip;]\" \/>\n<meta property=\"og:url\" content=\"https:\/\/slawatrans.pl\/nb\/transport-av-mobler\/transport-mebli-polska-profesjonalne-przeprowadzki\/\" \/>\n<meta property=\"og:site_name\" content=\"Slawa - Transport i spedycja zagraniczna\" \/>\n<meta property=\"article:publisher\" content=\"https:\/\/www.facebook.com\/profile.php?id=61566796122259\" \/>\n<meta property=\"article:published_time\" content=\"2025-10-09T17:37:58+00:00\" \/>\n<meta property=\"article:modified_time\" content=\"2025-10-09T17:38:01+00:00\" \/>\n<meta property=\"og:image\" content=\"https:\/\/slawatrans.pl\/wp-content\/uploads\/Gemini_Generated_Image_bzgzihbzgzihbzgz.png\" \/>\n\t<meta property=\"og:image:width\" content=\"1024\" \/>\n\t<meta property=\"og:image:height\" content=\"1024\" \/>\n\t<meta property=\"og:image:type\" content=\"image\/png\" \/>\n<meta name=\"author\" content=\"dominik\" \/>\n<meta name=\"twitter:card\" content=\"summary_large_image\" \/>\n<script type=\"application\/ld+json\" class=\"yoast-schema-graph\">{\"@context\":\"https:\/\/schema.org\",\"@graph\":[{\"@type\":\"Article\",\"@id\":\"https:\/\/slawatrans.pl\/transport-mebli\/transport-mebli-polska-profesjonalne-przeprowadzki\/#article\",\"isPartOf\":{\"@id\":\"https:\/\/slawatrans.pl\/transport-mebli\/transport-mebli-polska-profesjonalne-przeprowadzki\/\"},\"author\":{\"name\":\"dominik\",\"@id\":\"https:\/\/slawatrans.pl\/#\/schema\/person\/602467b600b79c484953bd7e61d28628\"},\"headline\":\"Transport Mebli Polska \u2013 Profesjonalne Przeprowadzki z Slawa Trans\",\"datePublished\":\"2025-10-09T17:37:58+00:00\",\"dateModified\":\"2025-10-09T17:38:01+00:00\",\"mainEntityOfPage\":{\"@id\":\"https:\/\/slawatrans.pl\/transport-mebli\/transport-mebli-polska-profesjonalne-przeprowadzki\/\"},\"wordCount\":1303,\"publisher\":{\"@id\":\"https:\/\/slawatrans.pl\/#organization\"},\"image\":{\"@id\":\"https:\/\/slawatrans.pl\/transport-mebli\/transport-mebli-polska-profesjonalne-przeprowadzki\/#primaryimage\"},\"thumbnailUrl\":\"https:\/\/slawatrans.pl\/wp-content\/uploads\/Gemini_Generated_Image_bzgzihbzgzihbzgz.png\",\"articleSection\":[\"transport mebli\"],\"inLanguage\":\"nb-NO\"},{\"@type\":\"WebPage\",\"@id\":\"https:\/\/slawatrans.pl\/transport-mebli\/transport-mebli-polska-profesjonalne-przeprowadzki\/\",\"url\":\"https:\/\/slawatrans.pl\/transport-mebli\/transport-mebli-polska-profesjonalne-przeprowadzki\/\",\"name\":\"Transport Mebli Polska \u2013 Profesjonalne Przeprowadzki z Slawa Trans - Slawa - Transport i spedycja zagraniczna\",\"isPartOf\":{\"@id\":\"https:\/\/slawatrans.pl\/#website\"},\"primaryImageOfPage\":{\"@id\":\"https:\/\/slawatrans.pl\/transport-mebli\/transport-mebli-polska-profesjonalne-przeprowadzki\/#primaryimage\"},\"image\":{\"@id\":\"https:\/\/slawatrans.pl\/transport-mebli\/transport-mebli-polska-profesjonalne-przeprowadzki\/#primaryimage\"},\"thumbnailUrl\":\"https:\/\/slawatrans.pl\/wp-content\/uploads\/Gemini_Generated_Image_bzgzihbzgzihbzgz.png\",\"datePublished\":\"2025-10-09T17:37:58+00:00\",\"dateModified\":\"2025-10-09T17:38:01+00:00\",\"breadcrumb\":{\"@id\":\"https:\/\/slawatrans.pl\/transport-mebli\/transport-mebli-polska-profesjonalne-przeprowadzki\/#breadcrumb\"},\"inLanguage\":\"nb-NO\",\"potentialAction\":[{\"@type\":\"ReadAction\",\"target\":[\"https:\/\/slawatrans.pl\/transport-mebli\/transport-mebli-polska-profesjonalne-przeprowadzki\/\"]}]},{\"@type\":\"ImageObject\",\"inLanguage\":\"nb-NO\",\"@id\":\"https:\/\/slawatrans.pl\/transport-mebli\/transport-mebli-polska-profesjonalne-przeprowadzki\/#primaryimage\",\"url\":\"https:\/\/slawatrans.pl\/wp-content\/uploads\/Gemini_Generated_Image_bzgzihbzgzihbzgz.png\",\"contentUrl\":\"https:\/\/slawatrans.pl\/wp-content\/uploads\/Gemini_Generated_Image_bzgzihbzgzihbzgz.png\",\"width\":1024,\"height\":1024},{\"@type\":\"BreadcrumbList\",\"@id\":\"https:\/\/slawatrans.pl\/transport-mebli\/transport-mebli-polska-profesjonalne-przeprowadzki\/#breadcrumb\",\"itemListElement\":[{\"@type\":\"ListItem\",\"position\":1,\"name\":\"Strona g\u0142\u00f3wna\",\"item\":\"https:\/\/slawatrans.pl\/\"},{\"@type\":\"ListItem\",\"position\":2,\"name\":\"Transport Mebli Polska \u2013 Profesjonalne Przeprowadzki z Slawa Trans\"}]},{\"@type\":\"WebSite\",\"@id\":\"https:\/\/slawatrans.pl\/#website\",\"url\":\"https:\/\/slawatrans.pl\/\",\"name\":\"Slawa - Transport farmaceutyczny i towarowy\",\"description\":\"Ekspresowe przewozy towarowe, farmaceutyczne i spedycja\",\"publisher\":{\"@id\":\"https:\/\/slawatrans.pl\/#organization\"},\"potentialAction\":[{\"@type\":\"SearchAction\",\"target\":{\"@type\":\"EntryPoint\",\"urlTemplate\":\"https:\/\/slawatrans.pl\/?s={search_term_string}\"},\"query-input\":{\"@type\":\"PropertyValueSpecification\",\"valueRequired\":true,\"valueName\":\"search_term_string\"}}],\"inLanguage\":\"nb-NO\"},{\"@type\":\"Organization\",\"@id\":\"https:\/\/slawatrans.pl\/#organization\",\"name\":\"SLAWA TRANS\",\"alternateName\":\"SLAWA Transport\",\"url\":\"https:\/\/slawatrans.pl\/\",\"logo\":{\"@type\":\"ImageObject\",\"inLanguage\":\"nb-NO\",\"@id\":\"https:\/\/slawatrans.pl\/#\/schema\/logo\/image\/\",\"url\":\"https:\/\/slawatrans.pl\/wp-content\/uploads\/SLAWA-TRANS-Logo.png\",\"contentUrl\":\"https:\/\/slawatrans.pl\/wp-content\/uploads\/SLAWA-TRANS-Logo.png\",\"width\":761,\"height\":227,\"caption\":\"SLAWA TRANS\"},\"image\":{\"@id\":\"https:\/\/slawatrans.pl\/#\/schema\/logo\/image\/\"},\"sameAs\":[\"https:\/\/www.facebook.com\/profile.php?id=61566796122259\"],\"description\":\"Slawa Trans to ekspert w dziedzinie transportu i logistyki, oferuj\u0105cy szerok\u0105 gam\u0119 us\u0142ug dostosowanych do potrzeb najbardziej wymagaj\u0105cych klient\u00f3w. Transport farmaceutyk\u00f3w i nie tylko w temperaturze kontrolowanej.\",\"email\":\"ela@slawatrans.pl\",\"telephone\":\"+48 733 806 806\",\"legalName\":\"SLAWA SP\u00d3\u0141KA Z OGRANICZON\u0104 ODPOWIEDZIALNO\u015aCI\u0104\",\"foundingDate\":\"2011-03-04\",\"vatID\":\"5512619509\",\"taxID\":\"PL5512619509\",\"numberOfEmployees\":{\"@type\":\"QuantitativeValue\",\"minValue\":\"11\",\"maxValue\":\"50\"}},{\"@type\":\"Person\",\"@id\":\"https:\/\/slawatrans.pl\/#\/schema\/person\/602467b600b79c484953bd7e61d28628\",\"name\":\"dominik\"}]}<\/script>\n<!-- \/ Yoast SEO Premium plugin. -->","yoast_head_json":{"title":"Transport Mebli Polska \u2013 Profesjonalne Przeprowadzki z Slawa Trans - Slawa - Transport i spedycja zagraniczna","robots":{"index":"index","follow":"follow","max-snippet":"max-snippet:-1","max-image-preview":"max-image-preview:large","max-video-preview":"max-video-preview:-1"},"canonical":"https:\/\/slawatrans.pl\/nb\/transport-av-mobler\/transport-mebli-polska-profesjonalne-przeprowadzki\/","og_locale":"nb_NO","og_type":"article","og_title":"Transport Mebli Polska \u2013 Profesjonalne Przeprowadzki z Slawa Trans","og_description":"Twoje Meble w Bezpiecznych R\u0119kach Transport mebli to us\u0142uga wymagaj\u0105ca nie tylko odpowiedniego sprz\u0119tu, ale przede wszystkim do\u015bwiadczenia i precyzji.&nbsp;Slawa Trans, firma z 15-letnim sta\u017cem w bran\u017cy transportowej, oferuje profesjonalne przeprowadzki i transport mebli na terenie ca\u0142ej Polski. Nasze wieloletnie do\u015bwiadczenie w transporcie specjalistycznym przek\u0142ada si\u0119 na najwy\u017cszy standard obs\u0142ugi r\u00f3wnie\u017c w zakresie przewozu mebli. [&hellip;]","og_url":"https:\/\/slawatrans.pl\/nb\/transport-av-mobler\/transport-mebli-polska-profesjonalne-przeprowadzki\/","og_site_name":"Slawa - Transport i spedycja zagraniczna","article_publisher":"https:\/\/www.facebook.com\/profile.php?id=61566796122259","article_published_time":"2025-10-09T17:37:58+00:00","article_modified_time":"2025-10-09T17:38:01+00:00","og_image":[{"width":1024,"height":1024,"url":"https:\/\/slawatrans.pl\/wp-content\/uploads\/Gemini_Generated_Image_bzgzihbzgzihbzgz.png","type":"image\/png"}],"author":"dominik","twitter_card":"summary_large_image","schema":{"@context":"https:\/\/schema.org","@graph":[{"@type":"Article","@id":"https:\/\/slawatrans.pl\/transport-mebli\/transport-mebli-polska-profesjonalne-przeprowadzki\/#article","isPartOf":{"@id":"https:\/\/slawatrans.pl\/transport-mebli\/transport-mebli-polska-profesjonalne-przeprowadzki\/"},"author":{"name":"dominik","@id":"https:\/\/slawatrans.pl\/#\/schema\/person\/602467b600b79c484953bd7e61d28628"},"headline":"Transport Mebli Polska \u2013 Profesjonalne Przeprowadzki z Slawa Trans","datePublished":"2025-10-09T17:37:58+00:00","dateModified":"2025-10-09T17:38:01+00:00","mainEntityOfPage":{"@id":"https:\/\/slawatrans.pl\/transport-mebli\/transport-mebli-polska-profesjonalne-przeprowadzki\/"},"wordCount":1303,"publisher":{"@id":"https:\/\/slawatrans.pl\/#organization"},"image":{"@id":"https:\/\/slawatrans.pl\/transport-mebli\/transport-mebli-polska-profesjonalne-przeprowadzki\/#primaryimage"},"thumbnailUrl":"https:\/\/slawatrans.pl\/wp-content\/uploads\/Gemini_Generated_Image_bzgzihbzgzihbzgz.png","articleSection":["transport mebli"],"inLanguage":"nb-NO"},{"@type":"WebPage","@id":"https:\/\/slawatrans.pl\/transport-mebli\/transport-mebli-polska-profesjonalne-przeprowadzki\/","url":"https:\/\/slawatrans.pl\/transport-mebli\/transport-mebli-polska-profesjonalne-przeprowadzki\/","name":"Transport Mebli Polska \u2013 Profesjonalne Przeprowadzki z Slawa Trans - Slawa - Transport i spedycja zagraniczna","isPartOf":{"@id":"https:\/\/slawatrans.pl\/#website"},"primaryImageOfPage":{"@id":"https:\/\/slawatrans.pl\/transport-mebli\/transport-mebli-polska-profesjonalne-przeprowadzki\/#primaryimage"},"image":{"@id":"https:\/\/slawatrans.pl\/transport-mebli\/transport-mebli-polska-profesjonalne-przeprowadzki\/#primaryimage"},"thumbnailUrl":"https:\/\/slawatrans.pl\/wp-content\/uploads\/Gemini_Generated_Image_bzgzihbzgzihbzgz.png","datePublished":"2025-10-09T17:37:58+00:00","dateModified":"2025-10-09T17:38:01+00:00","breadcrumb":{"@id":"https:\/\/slawatrans.pl\/transport-mebli\/transport-mebli-polska-profesjonalne-przeprowadzki\/#breadcrumb"},"inLanguage":"nb-NO","potentialAction":[{"@type":"ReadAction","target":["https:\/\/slawatrans.pl\/transport-mebli\/transport-mebli-polska-profesjonalne-przeprowadzki\/"]}]},{"@type":"ImageObject","inLanguage":"nb-NO","@id":"https:\/\/slawatrans.pl\/transport-mebli\/transport-mebli-polska-profesjonalne-przeprowadzki\/#primaryimage","url":"https:\/\/slawatrans.pl\/wp-content\/uploads\/Gemini_Generated_Image_bzgzihbzgzihbzgz.png","contentUrl":"https:\/\/slawatrans.pl\/wp-content\/uploads\/Gemini_Generated_Image_bzgzihbzgzihbzgz.png","width":1024,"height":1024},{"@type":"BreadcrumbList","@id":"https:\/\/slawatrans.pl\/transport-mebli\/transport-mebli-polska-profesjonalne-przeprowadzki\/#breadcrumb","itemListElement":[{"@type":"ListItem","position":1,"name":"Strona g\u0142\u00f3wna","item":"https:\/\/slawatrans.pl\/"},{"@type":"ListItem","position":2,"name":"Transport Mebli Polska \u2013 Profesjonalne Przeprowadzki z Slawa Trans"}]},{"@type":"WebSite","@id":"https:\/\/slawatrans.pl\/#website","url":"https:\/\/slawatrans.pl\/","name":"Slawa - Transport farmaceutyczny i towarowy","description":"Ekspresowe przewozy towarowe, farmaceutyczne i spedycja","publisher":{"@id":"https:\/\/slawatrans.pl\/#organization"},"potentialAction":[{"@type":"SearchAction","target":{"@type":"EntryPoint","urlTemplate":"https:\/\/slawatrans.pl\/?s={search_term_string}"},"query-input":{"@type":"PropertyValueSpecification","valueRequired":true,"valueName":"search_term_string"}}],"inLanguage":"nb-NO"},{"@type":"Organization","@id":"https:\/\/slawatrans.pl\/#organization","name":"SLAWA TRANS","alternateName":"SLAWA Transport","url":"https:\/\/slawatrans.pl\/","logo":{"@type":"ImageObject","inLanguage":"nb-NO","@id":"https:\/\/slawatrans.pl\/#\/schema\/logo\/image\/","url":"https:\/\/slawatrans.pl\/wp-content\/uploads\/SLAWA-TRANS-Logo.png","contentUrl":"https:\/\/slawatrans.pl\/wp-content\/uploads\/SLAWA-TRANS-Logo.png","width":761,"height":227,"caption":"SLAWA TRANS"},"image":{"@id":"https:\/\/slawatrans.pl\/#\/schema\/logo\/image\/"},"sameAs":["https:\/\/www.facebook.com\/profile.php?id=61566796122259"],"description":"Slawa Trans to ekspert w dziedzinie transportu i logistyki, oferuj\u0105cy szerok\u0105 gam\u0119 us\u0142ug dostosowanych do potrzeb najbardziej wymagaj\u0105cych klient\u00f3w. Transport farmaceutyk\u00f3w i nie tylko w temperaturze kontrolowanej.","email":"ela@slawatrans.pl","telephone":"+48 733 806 806","legalName":"SLAWA SP\u00d3\u0141KA Z OGRANICZON\u0104 ODPOWIEDZIALNO\u015aCI\u0104","foundingDate":"2011-03-04","vatID":"5512619509","taxID":"PL5512619509","numberOfEmployees":{"@type":"QuantitativeValue","minValue":"11","maxValue":"50"}},{"@type":"Person","@id":"https:\/\/slawatrans.pl\/#\/schema\/person\/602467b600b79c484953bd7e61d28628","name":"dominik"}]}},"_links":{"self":[{"href":"https:\/\/slawatrans.pl\/nb\/wp-json\/wp\/v2\/posts\/17847","targetHints":{"allow":["GET"]}}],"collection":[{"href":"https:\/\/slawatrans.pl\/nb\/wp-json\/wp\/v2\/posts"}],"about":[{"href":"https:\/\/slawatrans.pl\/nb\/wp-json\/wp\/v2\/types\/post"}],"author":[{"embeddable":true,"href":"https:\/\/slawatrans.pl\/nb\/wp-json\/wp\/v2\/users\/3"}],"replies":[{"embeddable":true,"href":"https:\/\/slawatrans.pl\/nb\/wp-json\/wp\/v2\/comments?post=17847"}],"version-history":[{"count":1,"href":"https:\/\/slawatrans.pl\/nb\/wp-json\/wp\/v2\/posts\/17847\/revisions"}],"predecessor-version":[{"id":17852,"href":"https:\/\/slawatrans.pl\/nb\/wp-json\/wp\/v2\/posts\/17847\/revisions\/17852"}],"wp:featuredmedia":[{"embeddable":true,"href":"https:\/\/slawatrans.pl\/nb\/wp-json\/wp\/v2\/media\/17848"}],"wp:attachment":[{"href":"https:\/\/slawatrans.pl\/nb\/wp-json\/wp\/v2\/media?parent=17847"}],"wp:term":[{"taxonomy":"category","embeddable":true,"href":"https:\/\/slawatrans.pl\/nb\/wp-json\/wp\/v2\/categories?post=17847"},{"taxonomy":"post_tag","embeddable":true,"href":"https:\/\/slawatrans.pl\/nb\/wp-json\/wp\/v2\/tags?post=17847"}],"curies":[{"name":"wp","href":"https:\/\/api.w.org\/{rel}","templated":true}]}}